{"id":790,"date":"2019-08-08T21:47:00","date_gmt":"2019-08-08T21:47:00","guid":{"rendered":"https:\/\/fundacion.bienaldecuenca.org\/?p=790"},"modified":"2023-03-22T21:50:11","modified_gmt":"2023-03-22T21:50:11","slug":"catalogo-xiv-bienal-de-cuenca-estructuras-vivientes-el-arte-como-experiencia-plural","status":"publish","type":"post","link":"https:\/\/fundacion.bienaldecuenca.org\/index.php\/2019\/08\/08\/catalogo-xiv-bienal-de-cuenca-estructuras-vivientes-el-arte-como-experiencia-plural\/","title":{"rendered":"Cat\u00e1logo XIV Bienal de Cuenca &#8220;Estructuras vivientes. El arte como experiencia plural&#8221;"},"content":{"rendered":"<p>[et_pb_section fb_built=&#8221;1&#8243; theme_builder_area=&#8221;post_content&#8221; _builder_version=&#8221;4.19.5&#8243; _module_preset=&#8221;default&#8221;][et_pb_row _builder_version=&#8221;4.19.5&#8243; _module_preset=&#8221;default&#8221; theme_builder_area=&#8221;post_content&#8221;][et_pb_column _builder_version=&#8221;4.19.5&#8243; _module_preset=&#8221;default&#8221; type=&#8221;4_4&#8243; theme_builder_area=&#8221;post_content&#8221;][et_pb_code _builder_version=&#8221;4.19.5&#8243; _module_preset=&#8221;default&#8221; theme_builder_area=&#8221;post_content&#8221; hover_enabled=&#8221;0&#8243; sticky_enabled=&#8221;0&#8243;]<iframe loading=\"lazy\" src=\"https:\/\/fundacion.bienaldecuenca.org\/wp-content\/uploads\/2023\/03\/Catalogo-XIV-Bienal-de-Cuenca.pdf#toolbar=0\" width=\"100%\" height=\"700\" >[\/et_pb_code][\/et_pb_column][\/et_pb_row][\/et_pb_section]<\/p>\n","protected":false},"excerpt":{"rendered":"<p>Entre el 23 de noviembre de 2018 y el 3 de febrero de 2019, la XIV Bienal de Cuenca convirti\u00f3 nuevamente a la ciudad en uno de los focos de atenci\u00f3n del arte continental y mundial, a juzgar por la magnitud de la exhibici\u00f3n, y por la relevante trayectoria de los numerosos artistas y comisarios involucrados en el proceso. La XIV Bienal fue la m\u00e1s grande de todas las que se han realizado hasta la fecha: pues, adem\u00e1s de las 48 propuestas de los 52 artistas que conformaron la exposici\u00f3n oficial, acogimos dos muestras especiales y cinco exhibiciones paralelas (tres de las cuales son parte de este cat\u00e1logo). Este nutrido conjunto de exhibiciones se emplaz\u00f3 en 25 sedes, es decir, en la casi totalidad de museos y galer\u00edas de la urbe, y en algunos enclaves neur\u00e1lgicos del Centro Hist\u00f3rico.<\/p>\n","protected":false},"author":1,"featured_media":665,"comment_status":"closed","ping_status":"closed","sticky":false,"template":"","format":"standard","meta":{"_et_pb_use_builder":"on","_et_pb_old_content":"","_et_gb_content_width":"1080","om_disable_all_campaigns":false,"_monsterinsights_skip_tracking":false,"_monsterinsights_sitenote_active":false,"_monsterinsights_sitenote_note":"","_monsterinsights_sitenote_category":0,"footnotes":""},"categories":[14],"tags":[],"class_list":["post-790","post","type-post","status-publish","format-standard","has-post-thumbnail","hentry","category-catalogo"],"jetpack_featured_media_url":"https:\/\/fundacion.bienaldecuenca.org\/wp-content\/uploads\/2023\/03\/exp.jpg","_links":{"self":[{"href":"https:\/\/fundacion.bienaldecuenca.org\/index.php\/wp-json\/wp\/v2\/posts\/790","targetHints":{"allow":["GET"]}}],"collection":[{"href":"https:\/\/fundacion.bienaldecuenca.org\/index.php\/wp-json\/wp\/v2\/posts"}],"about":[{"href":"https:\/\/fundacion.bienaldecuenca.org\/index.php\/wp-json\/wp\/v2\/types\/post"}],"author":[{"embeddable":true,"href":"https:\/\/fundacion.bienaldecuenca.org\/index.php\/wp-json\/wp\/v2\/users\/1"}],"replies":[{"embeddable":true,"href":"https:\/\/fundacion.bienaldecuenca.org\/index.php\/wp-json\/wp\/v2\/comments?post=790"}],"version-history":[{"count":2,"href":"https:\/\/fundacion.bienaldecuenca.org\/index.php\/wp-json\/wp\/v2\/posts\/790\/revisions"}],"predecessor-version":[{"id":793,"href":"https:\/\/fundacion.bienaldecuenca.org\/index.php\/wp-json\/wp\/v2\/posts\/790\/revisions\/793"}],"wp:featuredmedia":[{"embeddable":true,"href":"https:\/\/fundacion.bienaldecuenca.org\/index.php\/wp-json\/wp\/v2\/media\/665"}],"wp:attachment":[{"href":"https:\/\/fundacion.bienaldecuenca.org\/index.php\/wp-json\/wp\/v2\/media?parent=790"}],"wp:term":[{"taxonomy":"category","embeddable":true,"href":"https:\/\/fundacion.bienaldecuenca.org\/index.php\/wp-json\/wp\/v2\/categories?post=790"},{"taxonomy":"post_tag","embeddable":true,"href":"https:\/\/fundacion.bienaldecuenca.org\/index.php\/wp-json\/wp\/v2\/tags?post=790"}],"curies":[{"name":"wp","href":"https:\/\/api.w.org\/{rel}","templated":true}]}}